{"id":2103,"date":"2021-04-28T12:52:59","date_gmt":"2021-04-28T10:52:59","guid":{"rendered":"https:\/\/www.unionemontanasuoldaleramo.it\/asca\/?p=2103"},"modified":"2024-02-29T12:57:37","modified_gmt":"2024-02-29T11:57:37","slug":"al-via-il-progetto-rulli-frulli-sgaiento","status":"publish","type":"post","link":"https:\/\/www.unionemontanasuoldaleramo.it\/asca\/al-via-il-progetto-rulli-frulli-sgaiento\/","title":{"rendered":"Al via il progetto Rulli Frulli Sgaient\u00f2"},"content":{"rendered":"<p>E\u2019 stato avviato, sebbene con le molte difficolt\u00e0 legate alla&nbsp; pandemia, il progetto <span style=\"color: #ff0000;\"><strong>RulliFrulli Sgaient\u00f2<\/strong><\/span>:&nbsp; si tratta di un progetto, sostenuto dalla <strong>Fondazione Compagnia di San Paolo<\/strong>, articolato su molteplici linee. Infatti oltre a riprendere attivit\u00e0 gi\u00e0 consolidate come gli interventi di supporto allo studio, di educativa di strada e di informazione a genitori e famiglie, questa nuova progettazione introduce un elemento fortemente innovativo per il territorio (da cui il progetto stesso mutua i l nome), ovvero un\u2019attivit\u00e0 musicale (i Rulli Frulli appunto) realizzata in collaborazione con il <strong>Corpo Bandistico Acquese<\/strong> sotto la Guida della <strong>Banda Rulli Frulli<\/strong> di Finale Emilia.<\/p>\n<p>Entrando pi\u00f9&nbsp; in dettaglio questa attivit\u00e0 prevede<\/p>\n<ol>\n<li>un<strong> laboratorio di educazione musicale<\/strong>, finalizzato alla costituzione di una banda giovanile, nel quale i ragazzi apprendano l\u2019uso degli strumenti, si allenino all&#8217;esecuzione dei brani musicali composti e procedano alla creazione di brani nuovi. L\u2019attivit\u00e0 musicale potr\u00e0 essere integrata da attivit\u00e0 coreutica finalizzata alla realizzazione di uno spettacolo. Attraverso l&#8217;attivit\u00e0 di gruppo si intende trasmettere un importante messaggio educativo: l&#8217;obiettivo principale \u00e8 creare un collettivo dove non esistono distinzioni fra i partecipanti perch\u00e9 ognuno \u00e8 chiamato a dare il proprio contributo col massimo del proprio impegno; l&#8217;obiettivo infatti non \u00e8 la performance ma la relazione, la collaborazione e l&#8217;integrazione.<\/li>\n<li>un l<strong>aboratorio di costruzione degli strumenti<\/strong> nel quale i ragazzi, supportati da educatori, da maestri di musica e volontari, costruiscano, modifichino e colorino strumenti musicali (prevalentemente percussioni), a partire da materiali di riciclo o strumenti deteriorati. Non si tratta solo di potenziare le abilit\u00e0 manuali dei ragazzi, ma, attraverso il riutilizzo creativo dei materiali di recupero, si pu\u00f2 trasmettere un importante messaggio di ecologia ed educazione ambientale e, attraverso il lavoro di gruppo, promuovere l&#8217;integrazione fra ragazzi di diverse et\u00e0 e diverse abilit\u00e0. Per questa attivit\u00e0 sar\u00e0 possibile fruire del FabLAb, spazio laboratoriale allestito sempre grazie ad un progetto finanziato dalla Compagnia di San Paolo. Nell\u2019attivit\u00e0&nbsp; essere coinvolti anche i genitori in qualit\u00e0 di volontari con l&#8217;obiettivo di migliorare le relazioni intergenerazionali<\/li>\n<\/ol>\n","protected":false},"excerpt":{"rendered":"<p>E\u2019 stato avviato, sebbene con le molte difficolt\u00e0 legate alla&nbsp; pandemia, il progetto RulliFrulli Sgaient\u00f2:&nbsp; si tratta di un progetto, sostenuto dalla Fondazione Compagnia di San Paolo, articolato su molteplici linee. Infatti oltre a riprendere attivit\u00e0 gi\u00e0 consolidate come gli interventi di supporto allo studio, di educativa di strada e di informazione a genitori e&hellip; <a class=\"continue\" href=\"https:\/\/www.unionemontanasuoldaleramo.it\/asca\/al-via-il-progetto-rulli-frulli-sgaiento\/\">Continua a leggere<span> Al via il progetto Rulli Frulli Sgaient\u00f2<\/span><\/a><\/p>\n","protected":false},"author":3,"featured_media":0,"comment_status":"open","ping_status":"open","sticky":false,"template":"","format":"standard","meta":{"footnotes":""},"categories":[197,196,275,205,206,1,204],"tags":[208,228,308,309],"class_list":["post-2103","post","type-post","status-publish","format-standard","hentry","category-diversamente-abili","category-famiglia-e-minori","category-giovani","category-notizie-ed-eventi","category-progetti","category-senza-categoria","category-servizi-per-tutti","tag-disabilita","tag-minori","tag-musica","tag-rulli-frulli"],"yoast_head":"<!-- This site is optimized with the Yoast SEO plugin v25.6 - https:\/\/yoast.com\/wordpress\/plugins\/seo\/ -->\n<title>Al via il progetto Rulli Frulli Sgaient\u00f2 | Associazione Socio Assistenziale dei comuni dell&#039;Acquese<\/title>\n<meta name=\"robots\" content=\"index, follow, max-snippet:-1, max-image-preview:large, max-video-preview:-1\" \/>\n<link rel=\"canonical\" href=\"https:\/\/www.unionemontanasuoldaleramo.it\/asca\/al-via-il-progetto-rulli-frulli-sgaiento\/\" \/>\n<meta property=\"og:locale\" content=\"it_IT\" \/>\n<meta property=\"og:type\" content=\"article\" \/>\n<meta property=\"og:title\" content=\"Al via il progetto Rulli Frulli Sgaient\u00f2 - Associazione Socio Assistenziale dei comuni dell&#039;Acquese\" \/>\n<meta property=\"og:description\" content=\"E\u2019 stato avviato, sebbene con le molte difficolt\u00e0 legate alla&nbsp; pandemia, il progetto RulliFrulli Sgaient\u00f2:&nbsp; si tratta di un progetto, sostenuto dalla Fondazione Compagnia di San Paolo, articolato su molteplici linee. Infatti oltre a riprendere attivit\u00e0 gi\u00e0 consolidate come gli interventi di supporto allo studio, di educativa di strada e di informazione a genitori e&hellip; Continua a leggere Al via il progetto Rulli Frulli Sgaient\u00f2\" \/>\n<meta property=\"og:url\" content=\"https:\/\/www.unionemontanasuoldaleramo.it\/asca\/al-via-il-progetto-rulli-frulli-sgaiento\/\" \/>\n<meta property=\"og:site_name\" content=\"Associazione Socio Assistenziale dei comuni dell&#039;Acquese\" \/>\n<meta property=\"article:published_time\" content=\"2021-04-28T10:52:59+00:00\" \/>\n<meta property=\"article:modified_time\" content=\"2024-02-29T11:57:37+00:00\" \/>\n<meta name=\"author\" content=\"Asca\" \/>\n<meta name=\"twitter:card\" content=\"summary_large_image\" \/>\n<meta name=\"twitter:label1\" content=\"Scritto da\" \/>\n\t<meta name=\"twitter:data1\" content=\"Asca\" \/>\n\t<meta name=\"twitter:label2\" content=\"Tempo di lettura stimato\" \/>\n\t<meta name=\"twitter:data2\" content=\"2 minuti\" \/>\n<script type=\"application\/ld+json\" class=\"yoast-schema-graph\">{\"@context\":\"https:\/\/schema.org\",\"@graph\":[{\"@type\":\"WebPage\",\"@id\":\"https:\/\/www.unionemontanasuoldaleramo.it\/asca\/al-via-il-progetto-rulli-frulli-sgaiento\/\",\"url\":\"https:\/\/www.unionemontanasuoldaleramo.it\/asca\/al-via-il-progetto-rulli-frulli-sgaiento\/\",\"name\":\"Al via il progetto Rulli Frulli Sgaient\u00f2 - Associazione Socio Assistenziale dei comuni dell&#039;Acquese\",\"isPartOf\":{\"@id\":\"https:\/\/www.unionemontanasuoldaleramo.it\/asca\/#website\"},\"datePublished\":\"2021-04-28T10:52:59+00:00\",\"dateModified\":\"2024-02-29T11:57:37+00:00\",\"author\":{\"@id\":\"https:\/\/www.unionemontanasuoldaleramo.it\/asca\/#\/schema\/person\/f0a9aff3e4bbd22511d3556b6b28f9df\"},\"breadcrumb\":{\"@id\":\"https:\/\/www.unionemontanasuoldaleramo.it\/asca\/al-via-il-progetto-rulli-frulli-sgaiento\/#breadcrumb\"},\"inLanguage\":\"it-IT\",\"potentialAction\":[{\"@type\":\"ReadAction\",\"target\":[\"https:\/\/www.unionemontanasuoldaleramo.it\/asca\/al-via-il-progetto-rulli-frulli-sgaiento\/\"]}]},{\"@type\":\"BreadcrumbList\",\"@id\":\"https:\/\/www.unionemontanasuoldaleramo.it\/asca\/al-via-il-progetto-rulli-frulli-sgaiento\/#breadcrumb\",\"itemListElement\":[{\"@type\":\"ListItem\",\"position\":1,\"name\":\"Home\",\"item\":\"https:\/\/www.unionemontanasuoldaleramo.it\/asca\/\"},{\"@type\":\"ListItem\",\"position\":2,\"name\":\"Al via il progetto Rulli Frulli Sgaient\u00f2\"}]},{\"@type\":\"WebSite\",\"@id\":\"https:\/\/www.unionemontanasuoldaleramo.it\/asca\/#website\",\"url\":\"https:\/\/www.unionemontanasuoldaleramo.it\/asca\/\",\"name\":\"Associazione Socio Assistenziale dei comuni dell&#039;Acquese\",\"description\":\"ASCA\",\"potentialAction\":[{\"@type\":\"SearchAction\",\"target\":{\"@type\":\"EntryPoint\",\"urlTemplate\":\"https:\/\/www.unionemontanasuoldaleramo.it\/asca\/?s={search_term_string}\"},\"query-input\":{\"@type\":\"PropertyValueSpecification\",\"valueRequired\":true,\"valueName\":\"search_term_string\"}}],\"inLanguage\":\"it-IT\"},{\"@type\":\"Person\",\"@id\":\"https:\/\/www.unionemontanasuoldaleramo.it\/asca\/#\/schema\/person\/f0a9aff3e4bbd22511d3556b6b28f9df\",\"name\":\"Asca\",\"image\":{\"@type\":\"ImageObject\",\"inLanguage\":\"it-IT\",\"@id\":\"https:\/\/www.unionemontanasuoldaleramo.it\/asca\/#\/schema\/person\/image\/\",\"url\":\"https:\/\/secure.gravatar.com\/avatar\/5a8e08b9d65c9f8348c2e2db3ff2654c?s=96&d=mm&r=g\",\"contentUrl\":\"https:\/\/secure.gravatar.com\/avatar\/5a8e08b9d65c9f8348c2e2db3ff2654c?s=96&d=mm&r=g\",\"caption\":\"Asca\"},\"url\":\"https:\/\/www.unionemontanasuoldaleramo.it\/asca\/author\/asca\/\"}]}<\/script>\n<!-- \/ Yoast SEO plugin. -->","yoast_head_json":{"title":"Al via il progetto Rulli Frulli Sgaient\u00f2 | Associazione Socio Assistenziale dei comuni dell&#039;Acquese","robots":{"index":"index","follow":"follow","max-snippet":"max-snippet:-1","max-image-preview":"max-image-preview:large","max-video-preview":"max-video-preview:-1"},"canonical":"https:\/\/www.unionemontanasuoldaleramo.it\/asca\/al-via-il-progetto-rulli-frulli-sgaiento\/","og_locale":"it_IT","og_type":"article","og_title":"Al via il progetto Rulli Frulli Sgaient\u00f2 - Associazione Socio Assistenziale dei comuni dell&#039;Acquese","og_description":"E\u2019 stato avviato, sebbene con le molte difficolt\u00e0 legate alla&nbsp; pandemia, il progetto RulliFrulli Sgaient\u00f2:&nbsp; si tratta di un progetto, sostenuto dalla Fondazione Compagnia di San Paolo, articolato su molteplici linee. Infatti oltre a riprendere attivit\u00e0 gi\u00e0 consolidate come gli interventi di supporto allo studio, di educativa di strada e di informazione a genitori e&hellip; Continua a leggere Al via il progetto Rulli Frulli Sgaient\u00f2","og_url":"https:\/\/www.unionemontanasuoldaleramo.it\/asca\/al-via-il-progetto-rulli-frulli-sgaiento\/","og_site_name":"Associazione Socio Assistenziale dei comuni dell&#039;Acquese","article_published_time":"2021-04-28T10:52:59+00:00","article_modified_time":"2024-02-29T11:57:37+00:00","author":"Asca","twitter_card":"summary_large_image","twitter_misc":{"Scritto da":"Asca","Tempo di lettura stimato":"2 minuti"},"schema":{"@context":"https:\/\/schema.org","@graph":[{"@type":"WebPage","@id":"https:\/\/www.unionemontanasuoldaleramo.it\/asca\/al-via-il-progetto-rulli-frulli-sgaiento\/","url":"https:\/\/www.unionemontanasuoldaleramo.it\/asca\/al-via-il-progetto-rulli-frulli-sgaiento\/","name":"Al via il progetto Rulli Frulli Sgaient\u00f2 - Associazione Socio Assistenziale dei comuni dell&#039;Acquese","isPartOf":{"@id":"https:\/\/www.unionemontanasuoldaleramo.it\/asca\/#website"},"datePublished":"2021-04-28T10:52:59+00:00","dateModified":"2024-02-29T11:57:37+00:00","author":{"@id":"https:\/\/www.unionemontanasuoldaleramo.it\/asca\/#\/schema\/person\/f0a9aff3e4bbd22511d3556b6b28f9df"},"breadcrumb":{"@id":"https:\/\/www.unionemontanasuoldaleramo.it\/asca\/al-via-il-progetto-rulli-frulli-sgaiento\/#breadcrumb"},"inLanguage":"it-IT","potentialAction":[{"@type":"ReadAction","target":["https:\/\/www.unionemontanasuoldaleramo.it\/asca\/al-via-il-progetto-rulli-frulli-sgaiento\/"]}]},{"@type":"BreadcrumbList","@id":"https:\/\/www.unionemontanasuoldaleramo.it\/asca\/al-via-il-progetto-rulli-frulli-sgaiento\/#breadcrumb","itemListElement":[{"@type":"ListItem","position":1,"name":"Home","item":"https:\/\/www.unionemontanasuoldaleramo.it\/asca\/"},{"@type":"ListItem","position":2,"name":"Al via il progetto Rulli Frulli Sgaient\u00f2"}]},{"@type":"WebSite","@id":"https:\/\/www.unionemontanasuoldaleramo.it\/asca\/#website","url":"https:\/\/www.unionemontanasuoldaleramo.it\/asca\/","name":"Associazione Socio Assistenziale dei comuni dell&#039;Acquese","description":"ASCA","potentialAction":[{"@type":"SearchAction","target":{"@type":"EntryPoint","urlTemplate":"https:\/\/www.unionemontanasuoldaleramo.it\/asca\/?s={search_term_string}"},"query-input":{"@type":"PropertyValueSpecification","valueRequired":true,"valueName":"search_term_string"}}],"inLanguage":"it-IT"},{"@type":"Person","@id":"https:\/\/www.unionemontanasuoldaleramo.it\/asca\/#\/schema\/person\/f0a9aff3e4bbd22511d3556b6b28f9df","name":"Asca","image":{"@type":"ImageObject","inLanguage":"it-IT","@id":"https:\/\/www.unionemontanasuoldaleramo.it\/asca\/#\/schema\/person\/image\/","url":"https:\/\/secure.gravatar.com\/avatar\/5a8e08b9d65c9f8348c2e2db3ff2654c?s=96&d=mm&r=g","contentUrl":"https:\/\/secure.gravatar.com\/avatar\/5a8e08b9d65c9f8348c2e2db3ff2654c?s=96&d=mm&r=g","caption":"Asca"},"url":"https:\/\/www.unionemontanasuoldaleramo.it\/asca\/author\/asca\/"}]}},"_links":{"self":[{"href":"https:\/\/www.unionemontanasuoldaleramo.it\/asca\/wp-json\/wp\/v2\/posts\/2103"}],"collection":[{"href":"https:\/\/www.unionemontanasuoldaleramo.it\/asca\/wp-json\/wp\/v2\/posts"}],"about":[{"href":"https:\/\/www.unionemontanasuoldaleramo.it\/asca\/wp-json\/wp\/v2\/types\/post"}],"author":[{"embeddable":true,"href":"https:\/\/www.unionemontanasuoldaleramo.it\/asca\/wp-json\/wp\/v2\/users\/3"}],"replies":[{"embeddable":true,"href":"https:\/\/www.unionemontanasuoldaleramo.it\/asca\/wp-json\/wp\/v2\/comments?post=2103"}],"version-history":[{"count":2,"href":"https:\/\/www.unionemontanasuoldaleramo.it\/asca\/wp-json\/wp\/v2\/posts\/2103\/revisions"}],"predecessor-version":[{"id":2105,"href":"https:\/\/www.unionemontanasuoldaleramo.it\/asca\/wp-json\/wp\/v2\/posts\/2103\/revisions\/2105"}],"wp:attachment":[{"href":"https:\/\/www.unionemontanasuoldaleramo.it\/asca\/wp-json\/wp\/v2\/media?parent=2103"}],"wp:term":[{"taxonomy":"category","embeddable":true,"href":"https:\/\/www.unionemontanasuoldaleramo.it\/asca\/wp-json\/wp\/v2\/categories?post=2103"},{"taxonomy":"post_tag","embeddable":true,"href":"https:\/\/www.unionemontanasuoldaleramo.it\/asca\/wp-json\/wp\/v2\/tags?post=2103"}],"curies":[{"name":"wp","href":"https:\/\/api.w.org\/{rel}","templated":true}]}}