{"id":2437,"date":"2025-05-27T19:33:52","date_gmt":"2025-05-27T17:33:52","guid":{"rendered":"https:\/\/www.unionemontanasuoldaleramo.it\/asca\/?p=2437"},"modified":"2025-05-28T16:09:03","modified_gmt":"2025-05-28T14:09:03","slug":"avviso-per-lassegnazione-e-la-gestione-degli-orti-sociali-ed-urbani-2","status":"publish","type":"post","link":"https:\/\/www.unionemontanasuoldaleramo.it\/asca\/avviso-per-lassegnazione-e-la-gestione-degli-orti-sociali-ed-urbani-2\/","title":{"rendered":"AVVISO PER L\u2019ASSEGNAZIONE E LA GESTIONE DEGLI ORTI SOCIALI ED URBANI"},"content":{"rendered":"<p style=\"text-align: left;\">REGIONE PIEMONTE\u00a0 \u00a0 \u00a0 \u00a0 \u00a0 \u00a0 \u00a0 \u00a0 \u00a0 \u00a0 \u00a0 \u00a0 \u00a0 \u00a0 \u00a0 \u00a0 \u00a0 \u00a0 \u00a0 \u00a0 \u00a0 \u00a0 \u00a0 \u00a0 \u00a0 \u00a0 \u00a0 \u00a0 \u00a0 \u00a0 \u00a0 \u00a0 \u00a0 \u00a0 \u00a0 \u00a0 \u00a0 \u00a0 \u00a0 \u00a0 \u00a0 \u00a0 \u00a0 \u00a0 \u00a0 \u00a0 \u00a0 \u00a0 \u00a0 \u00a0 \u00a0 \u00a0 \u00a0 \u00a0 \u00a0 \u00a0 \u00a0 \u00a0 \u00a0 \u00a0 \u00a0 \u00a0 \u00a0 \u00a0 \u00a0 \u00a0 \u00a0 \u00a0 \u00a0 \u00a0 \u00a0 \u00a0 \u00a0 \u00a0 \u00a0 \u00a0 \u00a0 \u00a0 \u00a0 \u00a0 \u00a0 \u00a0 \u00a0 PROVINCIA DI ALESSANDRIA<\/p>\n<h1 style=\"text-align: center;\">UNIONE MONTANA SUOL D\u2019ALERAMO<\/h1>\n<h5 style=\"text-align: center;\">Sede: piazza XX settembre 2 \u2013 15010 Ponti (AL) tel. 0144-596403 e mail <a href=\"mailto:info@unionemontanasuoldaleramo.it\">info@unionemontanasuoldaleramo.it<\/a><\/h5>\n<h5 style=\"text-align: center;\">pec <a href=\"mailto:unionemontana.s.aleramo@cert.ruparpiemonte.it\">unionemontana.s.aleramo@cert.ruparpiemonte.it<\/a> sito web <a href=\"http:\/\/www.unionemontanasuoldaleramo.it\/\">www.unionemontanasuoldaleramo.it<\/a><\/h5>\n<h5 style=\"text-align: center;\">C.F. e P. IVA 02412210060<\/h5>\n<h5 style=\"text-align: center;\"><strong>A.S.C.A.<\/strong><\/h5>\n<h5 style=\"text-align: center;\">Associazione Socio Assistenziale dei Comuni dell\u2019Acquese<\/h5>\n<h1 style=\"text-align: center;\">AVVISO PER L\u2019ASSEGNAZIONE E LA GESTIONE DEGLI ORTI SOCIALI ED URBANI<\/h1>\n<hr \/>\n<h3>Scarica Documenti:<\/h3>\n<h3><a href=\"https:\/\/www.unionemontanasuoldaleramo.it\/asca\/wp-content\/uploads\/2025\/05\/AVVISO-28.05.2025.pdf\">Avviso<\/a><\/h3>\n<h3><a href=\"https:\/\/www.unionemontanasuoldaleramo.it\/asca\/wp-content\/uploads\/2025\/05\/Allagato-A-DOMANDA-ASSEGNAZIONE-ORTO-SOCIALE.docx\">Allagato A DOMANDA ASSEGNAZIONE ORTO SOCIALE<\/a><\/h3>\n<h3><a href=\"https:\/\/www.unionemontanasuoldaleramo.it\/asca\/wp-content\/uploads\/2025\/05\/Allegato-B-SCHEMA-LOTTI-TERRENO-PER-ORTO-SOCIALE.pdf\">Allegato B SCHEMA LOTTI TERRENO PER ORTO SOCIALE<\/a><\/h3>\n<h3><a href=\"https:\/\/www.unionemontanasuoldaleramo.it\/asca\/wp-content\/uploads\/2025\/05\/Disciplinare-Orti-Sociali.pdf\">Disciplinare-Orti-Sociali<\/a><\/h3>\n<hr \/>\n<p>Premesso che:<\/p>\n<ul>\n<li>l\u2019Unione Montana Suol d\u2019Aleramo , capofila dell\u2019Associazione Socio-assistenziale dei Comuni dell\u2019Acquese (di seguito ASCA) ha ricevuto in comodato d\u2019uso dal Comune di Acqui Terme, mediante Convenzione Rep. n. 10537 del 25\/01\/2021, perfezionata con successiva appendice del 6 aprile 2021, le aree site in via Savonarola per le attivit\u00e0 previste dal progetto \u201cOrti di Comunit\u00e0\u201d e, in particolare, l\u2019appezzamento censito al Fglio 29 \u2013 porzione di mappale 594 (adiacente all\u2019 \u201carea cani\u201d) da destinare alla realizzazione dei c.d. \u201cOrti Sociali\u201d;<\/li>\n<li>con deliberazione della Giunta dell\u2019Unione Montana Suol d\u2019Aleramo 32 del 24 maggio 2022 \u00e8 stato approvato il Disciplinare per l\u2019assegnazione e la gestione degli orti sociali ed urbani che dispone la concessione in uso di tali aree (d\u2019ora in poi \u201cDisciplinare\u201d);<\/li>\n<li>l\u2019ASCA ha provveduto alla suddivisione dell\u2019appezzamento in 8 (diconsi otto) lotto di cui allo schema allegato (allegato B);<\/li>\n<li>degli 8 lotti, 5 (diconsi cinque) lotti, identificati con il numero 1, 2 3, 4 e 5, risultano gi\u00e0 occupati dai precedenti assegnatari che hanno fatto domanda di continuare a mantenerne l\u2019utilizzo e 3 (diconsi tre) lotti, identificati con il numero 6,7 e 8, risultano liberi e pertanto assegnabili;<\/li>\n<\/ul>\n<p>per quanto sopra premesso l\u2019ASCA, in attuazione della citata Deliberazione, indice un avviso pubblico per l\u2019assegnazione degli appezzamenti di terreno individuati in premessa, siti in via Savonarola, affinch\u00e9 siano destinati ad orto sociale urbano ed utilizzati per la sola coltivazione di ortaggi ed officinali ad uso dell\u2019affidatario e nel rispetto delle regole contenute nel Disciplinare.<\/p>\n<p>&nbsp;<\/p>\n<p><strong><em>REQUISITI<\/em><\/strong><\/p>\n<p>Per poter presentare domanda di assegnazione di un lotto dell\u2019orto sociale urbano occorre:<\/p>\n<ul>\n<li>essere residente nel territorio di competenza dell\u2019ASCA;<\/li>\n<li>essere maggiorenne;<\/li>\n<li>non disporre nel territorio comunale e\/o nei comuni limitrofi di terreno coltivabile e accessibile in uso o in possesso a qualsiasi titolo, n\u00e9 in uso o in possesso a nessun familiare convivente;<\/li>\n<li>avere S.E.E. non superiore a \u20ac 25.000,00.<\/li>\n<\/ul>\n<p>Tali requisiti devono essere posseduti alla data di presentazione della domanda e dichiarati all\u2019atto della domanda, ai sensi e per gli effetti del DPR n. 445\/2000. Nel caso di dichiarazione non veritiera, oltre alle sanzioni previste per legge, l\u2019interessato sar\u00e0 escluso dall\u2019assegnazione delle aree.<\/p>\n<p>Per ciascuna famiglia anagrafica \u00e8 possibile presentare una sola domanda di assegnazione (all.A).<\/p>\n<h2>PROCEDURE DI ASSEGNAZIONE<\/h2>\n<p>L\u2019assegnazione dell\u2019orto sociale urbano \u00e8 effettuata in base all\u2019esito di graduatoria formata in conclusione della procedura prevista e regolamentata dal disciplinare.<\/p>\n<p>L\u2019assegnazione del singolo orto urbano verr\u00e0 effettuata mediante apposita comunicazione all\u2019avente diritto. Affinch\u00e9 l\u2019assegnazione sia produttiva di effetti giuridici occorre che l\u2019assegnatario accetti con dichiarazione espressa e sottoscritta tutti i contenuti del Disciplinare.<\/p>\n<p>In caso non si provveda all\u2019assegnazione della totalit\u00e0 dei lotti, l\u2019Ente valuter\u00e0 l\u2019opportunit\u00e0 di considerare le domande di utenti non in possesso di tutti i requisiti richiesti o provveder\u00e0 a pubblicare un nuovo avviso per i lotti restanti<\/p>\n<h2>MODALITA\u2019 E TERMINE PER LA PRESENTAZIONE DELLE DOMANDE<\/h2>\n<p>La domanda redatta secondo lo schema allegato al presente avviso sotto la lettera A) dovr\u00e0 essere presentata <strong>dal 28 maggio 2025 all\u201911 giugno 2025 compreso <\/strong><u>esclusivamente con le seguenti<\/u> <u>modalit\u00e0:<\/u><\/p>\n<ul>\n<li>Invio tramite posta elettronica all\u2019indirizzo: <a href=\"mailto:info@unionemontanasuoldaleramo.it\">info@unionemontanasuoldaleramo.it<\/a> (oppure <a href=\"mailto:asca@cert.ruparpiemonte.it\">asca@cert.ruparpiemonte.it)<\/a><\/li>\n<\/ul>\n<p style=\"text-align: center;\">oppure<\/p>\n<ul>\n<li>consegna della domanda presso gli uffici del Servizio Sociale dell\u2019ASCA in piazza San Guido n. 2 \u2013 Acqui Terme dal luned\u00ec al venerd\u00ec dalle ore 9,00 alle ore 12,30 (\u00e8 possibile contattare il n. 0144 57816 qualora si rendesse necessario fissare un appuntamento in una fascia oraria diversa da quella indicata).<\/li>\n<\/ul>\n<p>Occorre allegare al modulo di domanda fotocopia del documento di identit\u00e0.<\/p>\n<h2>RESPONSABILE DEL PROCEDIMENTO<\/h2>\n<p>Ai sensi della Legge 241\/90 e successive modificazioni ed integrazioni il Responsabile del Patrimonio arch. Lidia Zamorani.<\/p>\n<h2>INFORMAZIONI<\/h2>\n<p>Il disciplinare, l\u2019avviso, l\u2019allegato A (schema DOMANDA PER ASSEGNAZIONE \u201cORTO SOCIALE\u201d) e l\u2019allegato B (schema di suddivisione Lotti) sono disponibili:<\/p>\n<ul>\n<li>sul sito Internet dell\u2019Unione Montana -ASCA: <a href=\"http:\/\/www.unionemontanasuoldaleramo.it\/asca\/\">unionemontanasuoldaleramo.it\/asca\/<\/a> Per informazioni \u00e8 possibile rivolgersi all\u2019Ufficio Servizi Sociali al seguente numero 0144 57816<\/li>\n<\/ul>\n<p>&nbsp;<\/p>\n<p>Acqui Terme, l\u00ec 28.05.2025<\/p>\n<p>Il responsabile dell\u2019Area Amministrativa Patrimonio e del Procedimento<\/p>\n<p><em>arch. Lidia Zamorani<\/em><\/p>\n<hr \/>\n<h3>Scarica Documenti:<\/h3>\n<h3><a href=\"https:\/\/www.unionemontanasuoldaleramo.it\/asca\/wp-content\/uploads\/2025\/05\/AVVISO-28.05.2025.pdf\">Avviso<\/a><\/h3>\n<h3><a href=\"https:\/\/www.unionemontanasuoldaleramo.it\/asca\/wp-content\/uploads\/2025\/05\/Allagato-A-DOMANDA-ASSEGNAZIONE-ORTO-SOCIALE.docx\">Allagato A DOMANDA ASSEGNAZIONE ORTO SOCIALE<\/a><\/h3>\n<h3><a href=\"https:\/\/www.unionemontanasuoldaleramo.it\/asca\/wp-content\/uploads\/2025\/05\/Allegato-B-SCHEMA-LOTTI-TERRENO-PER-ORTO-SOCIALE.pdf\">Allegato B SCHEMA LOTTI TERRENO PER ORTO SOCIALE<\/a><\/h3>\n<h3><a href=\"https:\/\/www.unionemontanasuoldaleramo.it\/asca\/wp-content\/uploads\/2025\/05\/Disciplinare-Orti-Sociali.pdf\">Disciplinare-Orti-Sociali<\/a><\/h3>\n<hr \/>\n","protected":false},"excerpt":{"rendered":"<p>REGIONE PIEMONTE\u00a0 \u00a0 \u00a0 \u00a0 \u00a0 \u00a0 \u00a0 \u00a0 \u00a0 \u00a0 \u00a0 \u00a0 \u00a0 \u00a0 \u00a0 \u00a0 \u00a0 \u00a0 \u00a0 \u00a0 \u00a0 \u00a0 \u00a0 \u00a0 \u00a0 \u00a0 \u00a0 \u00a0 \u00a0 \u00a0 \u00a0 \u00a0 \u00a0 \u00a0 \u00a0 \u00a0 \u00a0 \u00a0 \u00a0 \u00a0 \u00a0 \u00a0 \u00a0 \u00a0 \u00a0 \u00a0 \u00a0 \u00a0 \u00a0 \u00a0 \u00a0 \u00a0 \u00a0 \u00a0&hellip; <a class=\"continue\" href=\"https:\/\/www.unionemontanasuoldaleramo.it\/asca\/avviso-per-lassegnazione-e-la-gestione-degli-orti-sociali-ed-urbani-2\/\">Continua a leggere<span> AVVISO PER L\u2019ASSEGNAZIONE E LA GESTIONE DEGLI ORTI SOCIALI ED URBANI<\/span><\/a><\/p>\n","protected":false},"author":4,"featured_media":1977,"comment_status":"closed","ping_status":"closed","sticky":false,"template":"","format":"standard","meta":{"footnotes":""},"categories":[205,206],"tags":[],"class_list":["post-2437","post","type-post","status-publish","format-standard","has-post-thumbnail","hentry","category-notizie-ed-eventi","category-progetti"],"yoast_head":"<!-- This site is optimized with the Yoast SEO plugin v25.6 - https:\/\/yoast.com\/wordpress\/plugins\/seo\/ -->\n<title>AVVISO PER L\u2019ASSEGNAZIONE E LA GESTIONE DEGLI ORTI SOCIALI ED URBANI | Associazione Socio Assistenziale dei comuni dell&#039;Acquese<\/title>\n<meta name=\"description\" content=\"i requisiti per poter presentare domanda di assegnazione di un lotto dell&#039;orto sociale urbano.\" \/>\n<meta name=\"robots\" content=\"index, follow, max-snippet:-1, max-image-preview:large, max-video-preview:-1\" \/>\n<link rel=\"canonical\" href=\"https:\/\/www.unionemontanasuoldaleramo.it\/asca\/avviso-per-lassegnazione-e-la-gestione-degli-orti-sociali-ed-urbani-2\/\" \/>\n<meta property=\"og:locale\" content=\"it_IT\" \/>\n<meta property=\"og:type\" content=\"article\" \/>\n<meta property=\"og:title\" content=\"AVVISO PER L\u2019ASSEGNAZIONE E LA GESTIONE DEGLI ORTI SOCIALI ED URBANI - Associazione Socio Assistenziale dei comuni dell&#039;Acquese\" \/>\n<meta property=\"og:description\" content=\"i requisiti per poter presentare domanda di assegnazione di un lotto dell&#039;orto sociale urbano.\" \/>\n<meta property=\"og:url\" content=\"https:\/\/www.unionemontanasuoldaleramo.it\/asca\/avviso-per-lassegnazione-e-la-gestione-degli-orti-sociali-ed-urbani-2\/\" \/>\n<meta property=\"og:site_name\" content=\"Associazione Socio Assistenziale dei comuni dell&#039;Acquese\" \/>\n<meta property=\"article:published_time\" content=\"2025-05-27T17:33:52+00:00\" \/>\n<meta property=\"article:modified_time\" content=\"2025-05-28T14:09:03+00:00\" \/>\n<meta property=\"og:image\" content=\"https:\/\/www.unionemontanasuoldaleramo.it\/asca\/wp-content\/uploads\/2022\/06\/images.jpg\" \/>\n\t<meta property=\"og:image:width\" content=\"290\" \/>\n\t<meta property=\"og:image:height\" content=\"174\" \/>\n\t<meta property=\"og:image:type\" content=\"image\/jpeg\" \/>\n<meta name=\"author\" content=\"ASCA\" \/>\n<meta name=\"twitter:card\" content=\"summary_large_image\" \/>\n<meta name=\"twitter:label1\" content=\"Scritto da\" \/>\n\t<meta name=\"twitter:data1\" content=\"ASCA\" \/>\n\t<meta name=\"twitter:label2\" content=\"Tempo di lettura stimato\" \/>\n\t<meta name=\"twitter:data2\" content=\"4 minuti\" \/>\n<script type=\"application\/ld+json\" class=\"yoast-schema-graph\">{\"@context\":\"https:\/\/schema.org\",\"@graph\":[{\"@type\":\"WebPage\",\"@id\":\"https:\/\/www.unionemontanasuoldaleramo.it\/asca\/avviso-per-lassegnazione-e-la-gestione-degli-orti-sociali-ed-urbani-2\/\",\"url\":\"https:\/\/www.unionemontanasuoldaleramo.it\/asca\/avviso-per-lassegnazione-e-la-gestione-degli-orti-sociali-ed-urbani-2\/\",\"name\":\"AVVISO PER L\u2019ASSEGNAZIONE E LA GESTIONE DEGLI ORTI SOCIALI ED URBANI - Associazione Socio Assistenziale dei comuni dell&#039;Acquese\",\"isPartOf\":{\"@id\":\"https:\/\/www.unionemontanasuoldaleramo.it\/asca\/#website\"},\"primaryImageOfPage\":{\"@id\":\"https:\/\/www.unionemontanasuoldaleramo.it\/asca\/avviso-per-lassegnazione-e-la-gestione-degli-orti-sociali-ed-urbani-2\/#primaryimage\"},\"image\":{\"@id\":\"https:\/\/www.unionemontanasuoldaleramo.it\/asca\/avviso-per-lassegnazione-e-la-gestione-degli-orti-sociali-ed-urbani-2\/#primaryimage\"},\"thumbnailUrl\":\"https:\/\/www.unionemontanasuoldaleramo.it\/asca\/wp-content\/uploads\/2022\/06\/images.jpg\",\"datePublished\":\"2025-05-27T17:33:52+00:00\",\"dateModified\":\"2025-05-28T14:09:03+00:00\",\"author\":{\"@id\":\"https:\/\/www.unionemontanasuoldaleramo.it\/asca\/#\/schema\/person\/1013049375c9546c3222866daa3b3b42\"},\"description\":\"i requisiti per poter presentare domanda di assegnazione di un lotto dell'orto sociale urbano.\",\"breadcrumb\":{\"@id\":\"https:\/\/www.unionemontanasuoldaleramo.it\/asca\/avviso-per-lassegnazione-e-la-gestione-degli-orti-sociali-ed-urbani-2\/#breadcrumb\"},\"inLanguage\":\"it-IT\",\"potentialAction\":[{\"@type\":\"ReadAction\",\"target\":[\"https:\/\/www.unionemontanasuoldaleramo.it\/asca\/avviso-per-lassegnazione-e-la-gestione-degli-orti-sociali-ed-urbani-2\/\"]}]},{\"@type\":\"ImageObject\",\"inLanguage\":\"it-IT\",\"@id\":\"https:\/\/www.unionemontanasuoldaleramo.it\/asca\/avviso-per-lassegnazione-e-la-gestione-degli-orti-sociali-ed-urbani-2\/#primaryimage\",\"url\":\"https:\/\/www.unionemontanasuoldaleramo.it\/asca\/wp-content\/uploads\/2022\/06\/images.jpg\",\"contentUrl\":\"https:\/\/www.unionemontanasuoldaleramo.it\/asca\/wp-content\/uploads\/2022\/06\/images.jpg\",\"width\":290,\"height\":174},{\"@type\":\"BreadcrumbList\",\"@id\":\"https:\/\/www.unionemontanasuoldaleramo.it\/asca\/avviso-per-lassegnazione-e-la-gestione-degli-orti-sociali-ed-urbani-2\/#breadcrumb\",\"itemListElement\":[{\"@type\":\"ListItem\",\"position\":1,\"name\":\"Home\",\"item\":\"https:\/\/www.unionemontanasuoldaleramo.it\/asca\/\"},{\"@type\":\"ListItem\",\"position\":2,\"name\":\"AVVISO PER L\u2019ASSEGNAZIONE E LA GESTIONE DEGLI ORTI SOCIALI ED URBANI\"}]},{\"@type\":\"WebSite\",\"@id\":\"https:\/\/www.unionemontanasuoldaleramo.it\/asca\/#website\",\"url\":\"https:\/\/www.unionemontanasuoldaleramo.it\/asca\/\",\"name\":\"Associazione Socio Assistenziale dei comuni dell&#039;Acquese\",\"description\":\"ASCA\",\"potentialAction\":[{\"@type\":\"SearchAction\",\"target\":{\"@type\":\"EntryPoint\",\"urlTemplate\":\"https:\/\/www.unionemontanasuoldaleramo.it\/asca\/?s={search_term_string}\"},\"query-input\":{\"@type\":\"PropertyValueSpecification\",\"valueRequired\":true,\"valueName\":\"search_term_string\"}}],\"inLanguage\":\"it-IT\"},{\"@type\":\"Person\",\"@id\":\"https:\/\/www.unionemontanasuoldaleramo.it\/asca\/#\/schema\/person\/1013049375c9546c3222866daa3b3b42\",\"name\":\"ASCA\",\"image\":{\"@type\":\"ImageObject\",\"inLanguage\":\"it-IT\",\"@id\":\"https:\/\/www.unionemontanasuoldaleramo.it\/asca\/#\/schema\/person\/image\/\",\"url\":\"https:\/\/secure.gravatar.com\/avatar\/6a1bb67df8c6af1a7b63ec9541937948?s=96&d=mm&r=g\",\"contentUrl\":\"https:\/\/secure.gravatar.com\/avatar\/6a1bb67df8c6af1a7b63ec9541937948?s=96&d=mm&r=g\",\"caption\":\"ASCA\"},\"url\":\"https:\/\/www.unionemontanasuoldaleramo.it\/asca\/author\/soumya\/\"}]}<\/script>\n<!-- \/ Yoast SEO plugin. -->","yoast_head_json":{"title":"AVVISO PER L\u2019ASSEGNAZIONE E LA GESTIONE DEGLI ORTI SOCIALI ED URBANI | Associazione Socio Assistenziale dei comuni dell&#039;Acquese","description":"i requisiti per poter presentare domanda di assegnazione di un lotto dell'orto sociale urbano.","robots":{"index":"index","follow":"follow","max-snippet":"max-snippet:-1","max-image-preview":"max-image-preview:large","max-video-preview":"max-video-preview:-1"},"canonical":"https:\/\/www.unionemontanasuoldaleramo.it\/asca\/avviso-per-lassegnazione-e-la-gestione-degli-orti-sociali-ed-urbani-2\/","og_locale":"it_IT","og_type":"article","og_title":"AVVISO PER L\u2019ASSEGNAZIONE E LA GESTIONE DEGLI ORTI SOCIALI ED URBANI - Associazione Socio Assistenziale dei comuni dell&#039;Acquese","og_description":"i requisiti per poter presentare domanda di assegnazione di un lotto dell'orto sociale urbano.","og_url":"https:\/\/www.unionemontanasuoldaleramo.it\/asca\/avviso-per-lassegnazione-e-la-gestione-degli-orti-sociali-ed-urbani-2\/","og_site_name":"Associazione Socio Assistenziale dei comuni dell&#039;Acquese","article_published_time":"2025-05-27T17:33:52+00:00","article_modified_time":"2025-05-28T14:09:03+00:00","og_image":[{"width":290,"height":174,"url":"https:\/\/www.unionemontanasuoldaleramo.it\/asca\/wp-content\/uploads\/2022\/06\/images.jpg","type":"image\/jpeg"}],"author":"ASCA","twitter_card":"summary_large_image","twitter_misc":{"Scritto da":"ASCA","Tempo di lettura stimato":"4 minuti"},"schema":{"@context":"https:\/\/schema.org","@graph":[{"@type":"WebPage","@id":"https:\/\/www.unionemontanasuoldaleramo.it\/asca\/avviso-per-lassegnazione-e-la-gestione-degli-orti-sociali-ed-urbani-2\/","url":"https:\/\/www.unionemontanasuoldaleramo.it\/asca\/avviso-per-lassegnazione-e-la-gestione-degli-orti-sociali-ed-urbani-2\/","name":"AVVISO PER L\u2019ASSEGNAZIONE E LA GESTIONE DEGLI ORTI SOCIALI ED URBANI - Associazione Socio Assistenziale dei comuni dell&#039;Acquese","isPartOf":{"@id":"https:\/\/www.unionemontanasuoldaleramo.it\/asca\/#website"},"primaryImageOfPage":{"@id":"https:\/\/www.unionemontanasuoldaleramo.it\/asca\/avviso-per-lassegnazione-e-la-gestione-degli-orti-sociali-ed-urbani-2\/#primaryimage"},"image":{"@id":"https:\/\/www.unionemontanasuoldaleramo.it\/asca\/avviso-per-lassegnazione-e-la-gestione-degli-orti-sociali-ed-urbani-2\/#primaryimage"},"thumbnailUrl":"https:\/\/www.unionemontanasuoldaleramo.it\/asca\/wp-content\/uploads\/2022\/06\/images.jpg","datePublished":"2025-05-27T17:33:52+00:00","dateModified":"2025-05-28T14:09:03+00:00","author":{"@id":"https:\/\/www.unionemontanasuoldaleramo.it\/asca\/#\/schema\/person\/1013049375c9546c3222866daa3b3b42"},"description":"i requisiti per poter presentare domanda di assegnazione di un lotto dell'orto sociale urbano.","breadcrumb":{"@id":"https:\/\/www.unionemontanasuoldaleramo.it\/asca\/avviso-per-lassegnazione-e-la-gestione-degli-orti-sociali-ed-urbani-2\/#breadcrumb"},"inLanguage":"it-IT","potentialAction":[{"@type":"ReadAction","target":["https:\/\/www.unionemontanasuoldaleramo.it\/asca\/avviso-per-lassegnazione-e-la-gestione-degli-orti-sociali-ed-urbani-2\/"]}]},{"@type":"ImageObject","inLanguage":"it-IT","@id":"https:\/\/www.unionemontanasuoldaleramo.it\/asca\/avviso-per-lassegnazione-e-la-gestione-degli-orti-sociali-ed-urbani-2\/#primaryimage","url":"https:\/\/www.unionemontanasuoldaleramo.it\/asca\/wp-content\/uploads\/2022\/06\/images.jpg","contentUrl":"https:\/\/www.unionemontanasuoldaleramo.it\/asca\/wp-content\/uploads\/2022\/06\/images.jpg","width":290,"height":174},{"@type":"BreadcrumbList","@id":"https:\/\/www.unionemontanasuoldaleramo.it\/asca\/avviso-per-lassegnazione-e-la-gestione-degli-orti-sociali-ed-urbani-2\/#breadcrumb","itemListElement":[{"@type":"ListItem","position":1,"name":"Home","item":"https:\/\/www.unionemontanasuoldaleramo.it\/asca\/"},{"@type":"ListItem","position":2,"name":"AVVISO PER L\u2019ASSEGNAZIONE E LA GESTIONE DEGLI ORTI SOCIALI ED URBANI"}]},{"@type":"WebSite","@id":"https:\/\/www.unionemontanasuoldaleramo.it\/asca\/#website","url":"https:\/\/www.unionemontanasuoldaleramo.it\/asca\/","name":"Associazione Socio Assistenziale dei comuni dell&#039;Acquese","description":"ASCA","potentialAction":[{"@type":"SearchAction","target":{"@type":"EntryPoint","urlTemplate":"https:\/\/www.unionemontanasuoldaleramo.it\/asca\/?s={search_term_string}"},"query-input":{"@type":"PropertyValueSpecification","valueRequired":true,"valueName":"search_term_string"}}],"inLanguage":"it-IT"},{"@type":"Person","@id":"https:\/\/www.unionemontanasuoldaleramo.it\/asca\/#\/schema\/person\/1013049375c9546c3222866daa3b3b42","name":"ASCA","image":{"@type":"ImageObject","inLanguage":"it-IT","@id":"https:\/\/www.unionemontanasuoldaleramo.it\/asca\/#\/schema\/person\/image\/","url":"https:\/\/secure.gravatar.com\/avatar\/6a1bb67df8c6af1a7b63ec9541937948?s=96&d=mm&r=g","contentUrl":"https:\/\/secure.gravatar.com\/avatar\/6a1bb67df8c6af1a7b63ec9541937948?s=96&d=mm&r=g","caption":"ASCA"},"url":"https:\/\/www.unionemontanasuoldaleramo.it\/asca\/author\/soumya\/"}]}},"_links":{"self":[{"href":"https:\/\/www.unionemontanasuoldaleramo.it\/asca\/wp-json\/wp\/v2\/posts\/2437"}],"collection":[{"href":"https:\/\/www.unionemontanasuoldaleramo.it\/asca\/wp-json\/wp\/v2\/posts"}],"about":[{"href":"https:\/\/www.unionemontanasuoldaleramo.it\/asca\/wp-json\/wp\/v2\/types\/post"}],"author":[{"embeddable":true,"href":"https:\/\/www.unionemontanasuoldaleramo.it\/asca\/wp-json\/wp\/v2\/users\/4"}],"replies":[{"embeddable":true,"href":"https:\/\/www.unionemontanasuoldaleramo.it\/asca\/wp-json\/wp\/v2\/comments?post=2437"}],"version-history":[{"count":3,"href":"https:\/\/www.unionemontanasuoldaleramo.it\/asca\/wp-json\/wp\/v2\/posts\/2437\/revisions"}],"predecessor-version":[{"id":2446,"href":"https:\/\/www.unionemontanasuoldaleramo.it\/asca\/wp-json\/wp\/v2\/posts\/2437\/revisions\/2446"}],"wp:featuredmedia":[{"embeddable":true,"href":"https:\/\/www.unionemontanasuoldaleramo.it\/asca\/wp-json\/wp\/v2\/media\/1977"}],"wp:attachment":[{"href":"https:\/\/www.unionemontanasuoldaleramo.it\/asca\/wp-json\/wp\/v2\/media?parent=2437"}],"wp:term":[{"taxonomy":"category","embeddable":true,"href":"https:\/\/www.unionemontanasuoldaleramo.it\/asca\/wp-json\/wp\/v2\/categories?post=2437"},{"taxonomy":"post_tag","embeddable":true,"href":"https:\/\/www.unionemontanasuoldaleramo.it\/asca\/wp-json\/wp\/v2\/tags?post=2437"}],"curies":[{"name":"wp","href":"https:\/\/api.w.org\/{rel}","templated":true}]}}